{"id":1765,"date":"2020-09-14T19:56:54","date_gmt":"2020-09-14T19:56:54","guid":{"rendered":"http:\/\/novocopiosareden1.hospedagemdesites.ws\/site\/?p=1765"},"modified":"2020-09-14T19:56:57","modified_gmt":"2020-09-14T19:56:57","slug":"por-que-e-preciso-evangelizar-jovens-catolicos","status":"publish","type":"post","link":"http:\/\/novocopiosareden1.hospedagemdesites.ws\/site\/2020\/09\/14\/por-que-e-preciso-evangelizar-jovens-catolicos\/","title":{"rendered":"Por que \u00e9 preciso evangelizar jovens cat\u00f3licos?"},"content":{"rendered":"\n<p>A missionariedade \u2013 anunciar a pessoa de Jesus Cristo e fazer disc\u00edpulos por todo o mundo \u2013 \u00e9 a alma de toda a\u00e7\u00e3o da Igreja! Quando se trata da juventude, essa realidade \u00e9 ainda mais urgente. Como disse o papa Francisco, na missa de envio da Jornada Mundial da Juventude (JMJ) do Panam\u00e1, os jovens s\u00e3o o <strong>agora<\/strong> de Deus. \u201cEle convoca-vos [&#8230;] para irdes \u00e0 procura dos av\u00f3s, dos adultos; para vos erguerdes de p\u00e9 e, juntamente com eles, tomar a palavra e realizar o sonho que o Senhor sonhou para v\u00f3s\u201d, enfatizou o papa. <\/p>\n\n\n\n<p>Um jovem evangelizado se tornar\u00e1 um jovem evangelizador. Portanto, \u00e9 necess\u00e1rio entender a import\u00e2ncia da evangeliza\u00e7\u00e3o da juventude para encontrar estrat\u00e9gias voltadas para esses irm\u00e3os.<br><\/p>\n\n\n\n<h2>A diminui\u00e7\u00e3o de fi\u00e9is cat\u00f3licos <\/h2>\n\n\n\n<p>Segundo a divulga\u00e7\u00e3o do Censo de 2010, do Instituto Brasileiro de Geografia e Estat\u00edstica (IBGE), em compara\u00e7\u00e3o com os 10 anos anteriores, a Igreja reduziu cerca de 1, 7 milh\u00f5es de fi\u00e9is, o equivalente a 12, 2%. Sendo assim, se seguirmos essa velocidade nos pr\u00f3ximos 30 anos, teremos uma popula\u00e7\u00e3o cat\u00f3lica igual \u00e0 popula\u00e7\u00e3o protestante, dado o avan\u00e7o das express\u00f5es protestantes no pa\u00eds. <\/p>\n\n\n\n<p>Para combater esses \u00edndices se faz necess\u00e1rio, como forma de dar uma resposta positiva, a promo\u00e7\u00e3o do encontro da juventude com o Senhor. <br><\/p>\n\n\n\n<h2>Deixar que os jovens falem<\/h2>\n\n\n\n<p>Em 2018, aconteceu o S\u00ednodo dos bispos com o tema: os jovens, a f\u00e9 e o discernimento vocacional. Em meio aos temas tratados, os bispos entenderam a necessidade de antes de oferecer aos jovens \u201crespostas pr\u00e9-fabricadas e receitas prontas\u201d, \u00e9 preciso deixar que falem sobre suas inquieta\u00e7\u00f5es e afli\u00e7\u00f5es, para que s\u00f3 assim, como Jesus aos disc\u00edpulos de Ema\u00fas, ilumin\u00e1-los com o Evangelho. <\/p>\n\n\n\n<p>Esse tipo de preocupa\u00e7\u00e3o fortalece no cora\u00e7\u00e3o da juventude a certeza de serem ouvidos, reconhecidos e acompanhados. O documento refor\u00e7a que \u201ca escuta torna poss\u00edvel um interc\u00e2mbio de dons, num contexto de empatia\u201d, fornecendo \u201ccondi\u00e7\u00f5es para um an\u00fancio do Evangelho que alcance verdadeiramente, de modo incisivo e fecundo, o cora\u00e7\u00e3o\u201d.<\/p>\n\n\n\n<p>Portanto, cada par\u00f3quia, comunidade ou movimento eclesial necessita criar mecanismos de evangeliza\u00e7\u00e3o que interajam com o universo dos jovens. Um meio muito eficaz para isso s\u00e3o as redes sociais. Por\u00e9m, muito cuidado! Corre-se o risco de achar que s\u00f3 o digital pode resolver, por\u00e9m estamos falando de encontro que, antes de tudo, precisa ser real. O jovem precisa ser olhado \u201colho no olho\u201d, e desse modo, tocado em sua verdade, poder\u00e1 se abrir para a transforma\u00e7\u00e3o que Jesus pode fazer em seu interior. Uma vez evangelizado, ser\u00e1 o melhor evangelizador de outro jovem. <br><\/p>\n\n\n\n<h2>Ou evangelizamos os jovens ou o mundo os engolir\u00e1<\/h2>\n\n\n\n<p>Desde o in\u00edcio do seu pontificado, o papa Francisco vem motivando a Igreja a cultura do encontro. Chegando a afirmar que prefere uma Igreja suja da poeira e da lama das estradas, que uma Igreja fechada em si mesma. <\/p>\n\n\n\n<p>Evangelizar a juventude possui uma import\u00e2ncia significativa para Igreja, pois o jovem possui uma for\u00e7a de mudan\u00e7a social \u00fanica. J\u00e1 no in\u00edcio da era crist\u00e3, quando era compreendido esse papel, S\u00e3o Paulo refor\u00e7ava isso em seu companheiro Tim\u00f3teo. &#8220;Ningu\u00e9m te despreze por seres jovem. Ao contr\u00e1rio, torna-te mode\u00adlo para os fi\u00e9is, no modo de falar e de viver, na caridade, na f\u00e9, na castidade&#8221; (I Tim 4, 12). <\/p>\n\n\n\n<p>Por\u00e9m, muitas vezes os jovens s\u00e3o os mais arrastados pelas correntes ideol\u00f3gicas e sedutoras do mundo. Seja pela atra\u00e7\u00e3o natural aos apelos est\u00e9ticos , ou por sua disposi\u00e7\u00e3o sexual ainda imatura, a juventude muitas vezes \u00e9 a mais afetada pelos v\u00edcios das drogas, \u00e1lcool e prostitui\u00e7\u00e3o. <\/p>\n\n\n\n<p>A partir dessa compreens\u00e3o, \u00e9 preciso lan\u00e7ar m\u00e3o desses desafios e investir tempo e for\u00e7as para evangelizar a juventude onde puder encontr\u00e1-la.<\/p>\n\n\n\n<div class=\"wp-block-image\"><figure class=\"aligncenter is-resized\"><a href=\"https:\/\/materiais.copiosaredencao.org.br\/estudo-biblico-para-jovens\" target=\"_blank\" rel=\"noreferrer noopener\"><img loading=\"lazy\" src=\"http:\/\/www.copiosaredencao.org.br\/wp-content\/uploads\/2019\/03\/03_cta_estudo_biblico_jovens_1.png\" alt=\"\" class=\"wp-image-9715\" width=\"774\" height=\"145\"\/><\/a><\/figure><\/div>\n\n\n\n<p><br><\/p>\n","protected":false},"excerpt":{"rendered":"<p>A missionariedade \u2013 anunciar a pessoa de Jesus Cristo e fazer disc\u00edpulos por todo o mundo \u2013 \u00e9 a alma de toda&#8230;<\/p>\n","protected":false},"author":1,"featured_media":1766,"comment_status":"open","ping_status":"open","sticky":false,"template":"","format":"standard","meta":[],"categories":[24,27],"tags":[],"amp_validity":null,"amp_enabled":true,"_links":{"self":[{"href":"http:\/\/novocopiosareden1.hospedagemdesites.ws\/site\/wp-json\/wp\/v2\/posts\/1765"}],"collection":[{"href":"http:\/\/novocopiosareden1.hospedagemdesites.ws\/site\/wp-json\/wp\/v2\/posts"}],"about":[{"href":"http:\/\/novocopiosareden1.hospedagemdesites.ws\/site\/wp-json\/wp\/v2\/types\/post"}],"author":[{"embeddable":true,"href":"http:\/\/novocopiosareden1.hospedagemdesites.ws\/site\/wp-json\/wp\/v2\/users\/1"}],"replies":[{"embeddable":true,"href":"http:\/\/novocopiosareden1.hospedagemdesites.ws\/site\/wp-json\/wp\/v2\/comments?post=1765"}],"version-history":[{"count":1,"href":"http:\/\/novocopiosareden1.hospedagemdesites.ws\/site\/wp-json\/wp\/v2\/posts\/1765\/revisions"}],"predecessor-version":[{"id":1767,"href":"http:\/\/novocopiosareden1.hospedagemdesites.ws\/site\/wp-json\/wp\/v2\/posts\/1765\/revisions\/1767"}],"wp:featuredmedia":[{"embeddable":true,"href":"http:\/\/novocopiosareden1.hospedagemdesites.ws\/site\/wp-json\/wp\/v2\/media\/1766"}],"wp:attachment":[{"href":"http:\/\/novocopiosareden1.hospedagemdesites.ws\/site\/wp-json\/wp\/v2\/media?parent=1765"}],"wp:term":[{"taxonomy":"category","embeddable":true,"href":"http:\/\/novocopiosareden1.hospedagemdesites.ws\/site\/wp-json\/wp\/v2\/categories?post=1765"},{"taxonomy":"post_tag","embeddable":true,"href":"http:\/\/novocopiosareden1.hospedagemdesites.ws\/site\/wp-json\/wp\/v2\/tags?post=1765"}],"curies":[{"name":"wp","href":"https:\/\/api.w.org\/{rel}","templated":true}]}}